{"id":3747,"date":"2026-03-03T16:49:18","date_gmt":"2026-03-03T15:49:18","guid":{"rendered":"https:\/\/www.mobiklasse.de\/?p=3747"},"modified":"2026-03-03T16:49:20","modified_gmt":"2026-03-03T15:49:20","slug":"lust-auf-ein-mobiklasse-de-lektorat-ab-september-noch-fragen-dann-komm-zur-online-infoveranstaltung-am-4-maerz","status":"publish","type":"post","link":"https:\/\/www.mobiklasse.de\/de\/news\/lust-auf-ein-mobiklasse-de-lektorat-ab-september-noch-fragen-dann-komm-zur-online-infoveranstaltung-am-4-maerz\/","title":{"rendered":"Lust auf ein mobiklasse.de-Lektorat ab September? Noch Fragen? Dann komm zur Online-Infoveranstaltung am 4. M\u00e4rz!"},"content":{"rendered":"\n<p><strong>Am 4. M\u00e4rz 2026 um 15 Uhr einloggen und der aktuellen Lektorin Michelle alle Fragen stellen.<\/strong><\/p>\n\n\n\n<p>Mit Sprache und Kultur unterwegs in Frankreich: Infoveranstaltung f\u00fcr ein mobiklasse.de-Lektorat 2026\/27<\/p>\n\n\n\n<p>Lust auf eine Auszeit w\u00e4hrend oder nach dem Studium? Wie w\u00e4re es mit einem zehnmonatigen Aufenthalt in Frankreich, der wertvolle Berufserfahrungen mit unvergesslichen Erlebnissen verbindet? Als mobiklasse.de-Lektor:in f\u00fchrst du in franz\u00f6sischen Klassenzimmern Deutsch-Sprachanimationen durch und vermittelst den Sch\u00fcler:innen auf lebendige Weise Sprache und Kultur des Nachbarlandes.<\/p>\n\n\n<style>.wp-block-kadence-advancedheading.kt-adv-heading3747_33bd6d-cf, .wp-block-kadence-advancedheading.kt-adv-heading3747_33bd6d-cf[data-kb-block=\"kb-adv-heading3747_33bd6d-cf\"]{font-style:normal;}.wp-block-kadence-advancedheading.kt-adv-heading3747_33bd6d-cf mark.kt-highlight, .wp-block-kadence-advancedheading.kt-adv-heading3747_33bd6d-cf[data-kb-block=\"kb-adv-heading3747_33bd6d-cf\"] mark.kt-highlight{font-style:normal;color:#f76a0c;-webkit-box-decoration-break:clone;box-decoration-break:clone;padding-top:0px;padding-right:0px;padding-bottom:0px;padding-left:0px;}.wp-block-kadence-advancedheading.kt-adv-heading3747_33bd6d-cf img.kb-inline-image, .wp-block-kadence-advancedheading.kt-adv-heading3747_33bd6d-cf[data-kb-block=\"kb-adv-heading3747_33bd6d-cf\"] img.kb-inline-image{width:150px;vertical-align:baseline;}<\/style>\n<h3 class=\"kt-adv-heading3747_33bd6d-cf wp-block-kadence-advancedheading\" data-kb-block=\"kb-adv-heading3747_33bd6d-cf\">Die Vorteile auf einen Blick:<\/h3>\n\n\n<style>.wp-block-kadence-iconlist.kt-svg-icon-list-items3747_2fc4df-ba:not(.this-stops-third-party-issues){margin-top:0px;margin-bottom:0px;}.wp-block-kadence-iconlist.kt-svg-icon-list-items3747_2fc4df-ba ul.kt-svg-icon-list:not(.this-prevents-issues):not(.this-stops-third-party-issues):not(.tijsloc){margin-top:0px;margin-right:0px;margin-bottom:var(--global-kb-spacing-sm, 1.5rem);margin-left:0px;}.wp-block-kadence-iconlist.kt-svg-icon-list-items3747_2fc4df-ba ul.kt-svg-icon-list{grid-row-gap:4px;}.wp-block-kadence-iconlist.kt-svg-icon-list-items3747_2fc4df-ba .kb-svg-icon-wrap{font-size:24px;color:var(--global-palette7, #EDF2F7);}.wp-block-kadence-iconlist.kt-svg-icon-list-items3747_2fc4df-ba ul.kt-svg-icon-list .kt-svg-icon-list-item-wrap .kt-svg-icon-list-single{margin-right:16px;}.kt-svg-icon-list-items3747_2fc4df-ba ul.kt-svg-icon-list .kt-svg-icon-list-level-0 .kt-svg-icon-list-single svg{font-size:20px;}<\/style>\n<div class=\"wp-block-kadence-iconlist kt-svg-icon-list-items kt-svg-icon-list-items3747_2fc4df-ba kt-svg-icon-list-columns-1 alignnone kt-list-icon-aligntop\"><ul class=\"kt-svg-icon-list\"><style>.kt-svg-icon-list-item-3747_e91946-7a .kt-svg-icon-list-text mark.kt-highlight{background-color:unset;font-style:normal;color:#f76a0c;-webkit-box-decoration-break:clone;box-decoration-break:clone;padding-top:0px;padding-right:0px;padding-bottom:0px;padding-left:0px;}<\/style>\n<li class=\"wp-block-kadence-listitem kt-svg-icon-list-item-wrap kt-svg-icon-list-item-3747_e91946-7a\"><span class=\"kb-svg-icon-wrap kb-svg-icon-fe_checkCircle kt-svg-icon-list-single\"><svg viewBox=\"0 0 24 24\"  fill=\"none\" stroke=\"currentColor\" stroke-width=\"2.5\" stroke-linecap=\"round\" stroke-linejoin=\"round\" xmlns=\"http:\/\/www.w3.org\/2000\/svg\"  aria-hidden=\"true\"><path d=\"M22 11.08V12a10 10 0 1 1-5.93-9.14\"\/><polyline points=\"22 4 12 14.01 9 11.01\"\/><\/svg><\/span><span class=\"kt-svg-icon-list-text\">Unterrichtspraxis im franz\u00f6sischen Bildungssystem (insbesondere Erstkontakt mit Deutsch) <\/span><\/li>\n\n\n<style>.kt-svg-icon-list-item-3747_22a438-7a .kt-svg-icon-list-text mark.kt-highlight{background-color:unset;font-style:normal;color:#f76a0c;-webkit-box-decoration-break:clone;box-decoration-break:clone;padding-top:0px;padding-right:0px;padding-bottom:0px;padding-left:0px;}<\/style>\n<li class=\"wp-block-kadence-listitem kt-svg-icon-list-item-wrap kt-svg-icon-list-item-3747_22a438-7a\"><span class=\"kb-svg-icon-wrap kb-svg-icon-fe_checkCircle kt-svg-icon-list-single\"><svg viewBox=\"0 0 24 24\"  fill=\"none\" stroke=\"currentColor\" stroke-width=\"2.5\" stroke-linecap=\"round\" stroke-linejoin=\"round\" xmlns=\"http:\/\/www.w3.org\/2000\/svg\"  aria-hidden=\"true\"><path d=\"M22 11.08V12a10 10 0 1 1-5.93-9.14\"\/><polyline points=\"22 4 12 14.01 9 11.01\"\/><\/svg><\/span><span class=\"kt-svg-icon-list-text\">Vertiefung deiner Franz\u00f6sischkenntnisse<\/span><\/li>\n\n\n<style>.kt-svg-icon-list-item-3747_613651-4c .kt-svg-icon-list-text mark.kt-highlight{background-color:unset;font-style:normal;color:#f76a0c;-webkit-box-decoration-break:clone;box-decoration-break:clone;padding-top:0px;padding-right:0px;padding-bottom:0px;padding-left:0px;}<\/style>\n<li class=\"wp-block-kadence-listitem kt-svg-icon-list-item-wrap kt-svg-icon-list-item-3747_613651-4c\"><span class=\"kb-svg-icon-wrap kb-svg-icon-fe_checkCircle kt-svg-icon-list-single\"><svg viewBox=\"0 0 24 24\"  fill=\"none\" stroke=\"currentColor\" stroke-width=\"2.5\" stroke-linecap=\"round\" stroke-linejoin=\"round\" xmlns=\"http:\/\/www.w3.org\/2000\/svg\"  aria-hidden=\"true\"><path d=\"M22 11.08V12a10 10 0 1 1-5.93-9.14\"\/><polyline points=\"22 4 12 14.01 9 11.01\"\/><\/svg><\/span><span class=\"kt-svg-icon-list-text\">Zugang zu einem deutsch-franz\u00f6sischen Netzwerk im Bereich Bildung und Kultur<\/span><\/li>\n\n\n<style>.kt-svg-icon-list-item-3747_a339a8-83 .kt-svg-icon-list-text mark.kt-highlight{background-color:unset;font-style:normal;color:#f76a0c;-webkit-box-decoration-break:clone;box-decoration-break:clone;padding-top:0px;padding-right:0px;padding-bottom:0px;padding-left:0px;}<\/style>\n<li class=\"wp-block-kadence-listitem kt-svg-icon-list-item-wrap kt-svg-icon-list-item-3747_a339a8-83\"><span class=\"kb-svg-icon-wrap kb-svg-icon-fe_checkCircle kt-svg-icon-list-single\"><svg viewBox=\"0 0 24 24\"  fill=\"none\" stroke=\"currentColor\" stroke-width=\"2.5\" stroke-linecap=\"round\" stroke-linejoin=\"round\" xmlns=\"http:\/\/www.w3.org\/2000\/svg\"  aria-hidden=\"true\"><path d=\"M22 11.08V12a10 10 0 1 1-5.93-9.14\"\/><polyline points=\"22 4 12 14.01 9 11.01\"\/><\/svg><\/span><span class=\"kt-svg-icon-list-text\">Weiterbildung in Form von Seminaren und Webinaren<\/span><\/li>\n\n\n<style>.kt-svg-icon-list-item-3747_2cecc2-83 .kt-svg-icon-list-text mark.kt-highlight{background-color:unset;font-style:normal;color:#f76a0c;-webkit-box-decoration-break:clone;box-decoration-break:clone;padding-top:0px;padding-right:0px;padding-bottom:0px;padding-left:0px;}<\/style>\n<li class=\"wp-block-kadence-listitem kt-svg-icon-list-item-wrap kt-svg-icon-list-item-3747_2cecc2-83\"><span class=\"kb-svg-icon-wrap kb-svg-icon-fe_checkCircle kt-svg-icon-list-single\"><svg viewBox=\"0 0 24 24\"  fill=\"none\" stroke=\"currentColor\" stroke-width=\"2.5\" stroke-linecap=\"round\" stroke-linejoin=\"round\" xmlns=\"http:\/\/www.w3.org\/2000\/svg\"  aria-hidden=\"true\"><path d=\"M22 11.08V12a10 10 0 1 1-5.93-9.14\"\/><polyline points=\"22 4 12 14.01 9 11.01\"\/><\/svg><\/span><span class=\"kt-svg-icon-list-text\">Stipendium des DFJW oder DAAD<\/span><\/li>\n\n\n<style>.kt-svg-icon-list-item-3747_0d5d7c-9d .kt-svg-icon-list-text mark.kt-highlight{background-color:unset;font-style:normal;color:#f76a0c;-webkit-box-decoration-break:clone;box-decoration-break:clone;padding-top:0px;padding-right:0px;padding-bottom:0px;padding-left:0px;}<\/style>\n<li class=\"wp-block-kadence-listitem kt-svg-icon-list-item-wrap kt-svg-icon-list-item-3747_0d5d7c-9d\"><span class=\"kb-svg-icon-wrap kb-svg-icon-fe_checkCircle kt-svg-icon-list-single\"><svg viewBox=\"0 0 24 24\"  fill=\"none\" stroke=\"currentColor\" stroke-width=\"2.5\" stroke-linecap=\"round\" stroke-linejoin=\"round\" xmlns=\"http:\/\/www.w3.org\/2000\/svg\"  aria-hidden=\"true\"><path d=\"M22 11.08V12a10 10 0 1 1-5.93-9.14\"\/><polyline points=\"22 4 12 14.01 9 11.01\"\/><\/svg><\/span><span class=\"kt-svg-icon-list-text\">Dienstfahrzeug &amp; Reisekosten\u00fcbernahme<\/span><\/li>\n\n\n<style>.kt-svg-icon-list-item-3747_e3d8e5-4f .kt-svg-icon-list-text mark.kt-highlight{background-color:unset;font-style:normal;color:#f76a0c;-webkit-box-decoration-break:clone;box-decoration-break:clone;padding-top:0px;padding-right:0px;padding-bottom:0px;padding-left:0px;}<\/style>\n<li class=\"wp-block-kadence-listitem kt-svg-icon-list-item-wrap kt-svg-icon-list-item-3747_e3d8e5-4f\"><span class=\"kb-svg-icon-wrap kb-svg-icon-fe_checkCircle kt-svg-icon-list-single\"><svg viewBox=\"0 0 24 24\"  fill=\"none\" stroke=\"currentColor\" stroke-width=\"2.5\" stroke-linecap=\"round\" stroke-linejoin=\"round\" xmlns=\"http:\/\/www.w3.org\/2000\/svg\"  aria-hidden=\"true\"><path d=\"M22 11.08V12a10 10 0 1 1-5.93-9.14\"\/><polyline points=\"22 4 12 14.01 9 11.01\"\/><\/svg><\/span><span class=\"kt-svg-icon-list-text\">4-Tage-Woche<\/span><\/li>\n\n\n<style>.kt-svg-icon-list-item-3747_5aa143-a7 .kt-svg-icon-list-text mark.kt-highlight{background-color:unset;font-style:normal;color:#f76a0c;-webkit-box-decoration-break:clone;box-decoration-break:clone;padding-top:0px;padding-right:0px;padding-bottom:0px;padding-left:0px;}<\/style>\n<li class=\"wp-block-kadence-listitem kt-svg-icon-list-item-wrap kt-svg-icon-list-item-3747_5aa143-a7\"><span class=\"kb-svg-icon-wrap kb-svg-icon-fe_checkCircle kt-svg-icon-list-single\"><svg viewBox=\"0 0 24 24\"  fill=\"none\" stroke=\"currentColor\" stroke-width=\"2.5\" stroke-linecap=\"round\" stroke-linejoin=\"round\" xmlns=\"http:\/\/www.w3.org\/2000\/svg\"  aria-hidden=\"true\"><path d=\"M22 11.08V12a10 10 0 1 1-5.93-9.14\"\/><polyline points=\"22 4 12 14.01 9 11.01\"\/><\/svg><\/span><span class=\"kt-svg-icon-list-text\">\u2026 und vieles mehr<\/span><\/li>\n<\/ul><\/div>\n\n\n\n<p>Interesse geweckt? Dann komm zur Infoveranstaltung!<\/p>\n\n\n\n<p><strong>Mittwoch, 04. M\u00e4rz 2026, um 15:00 Uhr<\/strong><\/p>\n\n\n\n<p>\u00fcber <strong>Zoom: <\/strong><a href=\"https:\/\/urls.fr\/04_Qt_\" target=\"_blank\" rel=\"noopener noreferrer nofollow\"><strong>https:\/\/urls.fr\/04_Qt_<\/strong><\/a><\/p>\n\n\n\n<p>Michelle Miedtank, Absolventin der BUW und derzeit mobiklasse.de-Lektorin in Caen, berichtet von ihren Erfahrungen, beantwortet deine Fragen und gibt hilfreiche Tipps f\u00fcr die Bewerbung.<\/p>\n\n\n<style>.wp-block-kadence-advancedheading.kt-adv-heading3747_1abc87-e9, .wp-block-kadence-advancedheading.kt-adv-heading3747_1abc87-e9[data-kb-block=\"kb-adv-heading3747_1abc87-e9\"]{font-style:normal;}.wp-block-kadence-advancedheading.kt-adv-heading3747_1abc87-e9 mark.kt-highlight, .wp-block-kadence-advancedheading.kt-adv-heading3747_1abc87-e9[data-kb-block=\"kb-adv-heading3747_1abc87-e9\"] mark.kt-highlight{font-style:normal;color:#f76a0c;-webkit-box-decoration-break:clone;box-decoration-break:clone;padding-top:0px;padding-right:0px;padding-bottom:0px;padding-left:0px;}.wp-block-kadence-advancedheading.kt-adv-heading3747_1abc87-e9 img.kb-inline-image, .wp-block-kadence-advancedheading.kt-adv-heading3747_1abc87-e9[data-kb-block=\"kb-adv-heading3747_1abc87-e9\"] img.kb-inline-image{width:150px;vertical-align:baseline;}<\/style>\n<h3 class=\"kt-adv-heading3747_1abc87-e9 wp-block-kadence-advancedheading\" data-kb-block=\"kb-adv-heading3747_1abc87-e9\">Kontakt<\/h3>\n\n\n\n<p>Marie Cravageot: <a href=\"mailto:cravageot@uni-wuppertal.de\">cravageot@uni-wuppertal.de<\/a><br>Michelle Miedtank: <a href=\"mailto:caen-calvados@mobiklasse.de\">caen-calvados@mobiklasse.de<\/a><\/p>\n","protected":false},"excerpt":{"rendered":"<p>Am 4. M\u00e4rz 2026 um 15 Uhr einloggen und der aktuellen Lektorin Michelle alle Fragen stellen. Mit Sprache und Kultur unterwegs in Frankreich: Infoveranstaltung f\u00fcr ein mobiklasse.de-Lektorat 2026\/27 Lust auf eine Auszeit w\u00e4hrend&#8230;<\/p>\n","protected":false},"author":2,"featured_media":3749,"comment_status":"closed","ping_status":"closed","sticky":false,"template":"","format":"standard","meta":{"_acf_changed":false,"_kad_blocks_custom_css":"","_kad_blocks_head_custom_js":"","_kad_blocks_body_custom_js":"","_kad_blocks_footer_custom_js":"","_kad_post_transparent":"","_kad_post_title":"","_kad_post_layout":"","_kad_post_sidebar_id":"","_kad_post_content_style":"","_kad_post_vertical_padding":"","_kad_post_feature":"","_kad_post_feature_position":"","_kad_post_header":false,"_kad_post_footer":false,"_kad_post_classname":"","footnotes":"","css_class_manager_body_classes":"","css_class_manager_use_in_post_loop":false},"categories":[1],"tags":[],"class_list":["post-3747","post","type-post","status-publish","format-standard","has-post-thumbnail","hentry","category-aktuelles"],"acf":[],"taxonomy_info":{"category":[{"value":1,"label":"Aktuelles"}]},"featured_image_src_large":["https:\/\/www.mobiklasse.de\/wp-content\/uploads\/sites\/2\/2026\/03\/Infoveranstaltung-Mobiklasse-727x1024.png",727,1024,true],"author_info":{"display_name":"tbaldes","author_link":"https:\/\/www.mobiklasse.de\/de\/news\/author\/3679601a0e0eba92\/"},"comment_info":0,"category_info":[{"term_id":1,"name":"Aktuelles","slug":"aktuelles","term_group":0,"term_taxonomy_id":1,"taxonomy":"category","description":"","parent":0,"count":6,"filter":"raw","cat_ID":1,"category_count":6,"category_description":"","cat_name":"Aktuelles","category_nicename":"aktuelles","category_parent":0}],"tag_info":false,"_links":{"self":[{"href":"https:\/\/www.mobiklasse.de\/de\/wp-json\/wp\/v2\/posts\/3747","targetHints":{"allow":["GET"]}}],"collection":[{"href":"https:\/\/www.mobiklasse.de\/de\/wp-json\/wp\/v2\/posts"}],"about":[{"href":"https:\/\/www.mobiklasse.de\/de\/wp-json\/wp\/v2\/types\/post"}],"author":[{"embeddable":true,"href":"https:\/\/www.mobiklasse.de\/de\/wp-json\/wp\/v2\/users\/2"}],"replies":[{"embeddable":true,"href":"https:\/\/www.mobiklasse.de\/de\/wp-json\/wp\/v2\/comments?post=3747"}],"version-history":[{"count":2,"href":"https:\/\/www.mobiklasse.de\/de\/wp-json\/wp\/v2\/posts\/3747\/revisions"}],"predecessor-version":[{"id":3751,"href":"https:\/\/www.mobiklasse.de\/de\/wp-json\/wp\/v2\/posts\/3747\/revisions\/3751"}],"wp:featuredmedia":[{"embeddable":true,"href":"https:\/\/www.mobiklasse.de\/de\/wp-json\/wp\/v2\/media\/3749"}],"wp:attachment":[{"href":"https:\/\/www.mobiklasse.de\/de\/wp-json\/wp\/v2\/media?parent=3747"}],"wp:term":[{"taxonomy":"category","embeddable":true,"href":"https:\/\/www.mobiklasse.de\/de\/wp-json\/wp\/v2\/categories?post=3747"},{"taxonomy":"post_tag","embeddable":true,"href":"https:\/\/www.mobiklasse.de\/de\/wp-json\/wp\/v2\/tags?post=3747"}],"curies":[{"name":"wp","href":"https:\/\/api.w.org\/{rel}","templated":true}]}}